[{"@context":"https:\/\/schema.org\/","@type":"Article","@id":"https:\/\/www.atty.cz\/zrozeni-novych-veci\/#Article","mainEntityOfPage":"https:\/\/www.atty.cz\/zrozeni-novych-veci\/","headline":"Zrozen\u00ed nov\u00fdch v\u011bc\u00ed","name":"Zrozen\u00ed nov\u00fdch v\u011bc\u00ed","description":"Modern\u00ed doba si \u010dasto vy\u017eaduje modern\u00ed \u0159e\u0161en\u00ed, co\u017e je zejm\u00e9na v r\u00e1mci sou\u010dasnosti dozvukem toho, pro\u010d m\u00e1me st\u00e1le chu\u0165 sh\u00e1n\u011bt...","datePublished":"2020-06-20","dateModified":"2023-05-01","author":{"@type":"Person","@id":"https:\/\/www.atty.cz\/author\/#Person","name":"","url":"https:\/\/www.atty.cz\/author\/","identifier":1,"image":{"@type":"ImageObject","@id":"https:\/\/secure.gravatar.com\/avatar\/53fcaa7178df0f37d30678446939b206ab1017330cccbc8c93b5efa33cddcf51?s=96&d=mm&r=g","url":"https:\/\/secure.gravatar.com\/avatar\/53fcaa7178df0f37d30678446939b206ab1017330cccbc8c93b5efa33cddcf51?s=96&d=mm&r=g","height":96,"width":96}},"publisher":{"@type":"Organization","name":"atty.cz","logo":{"@type":"ImageObject","@id":"\/logo.png","url":"\/logo.png","width":600,"height":60}},"image":{"@type":"ImageObject","@id":"https:\/\/www.atty.cz\/wp-content\/uploads\/n%C3%A1stroj%20na%20fr%C3%A9zov%C3%A1n%C3%AD.jpg","url":"https:\/\/www.atty.cz\/wp-content\/uploads\/n%C3%A1stroj%20na%20fr%C3%A9zov%C3%A1n%C3%AD.jpg","height":0,"width":0},"url":"https:\/\/www.atty.cz\/zrozeni-novych-veci\/","about":["Zbo\u017e\u00ed"],"wordCount":435,"articleBody":"      Modern\u00ed doba si \u010dasto vy\u017eaduje modern\u00ed \u0159e\u0161en\u00ed, co\u017e je zejm\u00e9na v r\u00e1mci sou\u010dasnosti dozvukem toho, pro\u010d m\u00e1me st\u00e1le chu\u0165 sh\u00e1n\u011bt nov\u00e9 v\u011bci, co\u017e m\u00e1 za d\u016fsledek to, \u017ee nem\u00e1me sebemen\u0161\u00ed chu\u0165 star\u00e9 a rozbit\u00e9 v\u011bci d\u00e1vat znovu dohromady. A pr\u00e1v\u011b proto, abychom mohli m\u00edt neust\u00e1le dostate\u010dn\u00fd p\u0159\u00edsun nov\u00fdch v\u011bc\u00ed, kter\u00e9 na\u0161e \u017eivoty zkvalit\u0148uj\u00ed, a posouvaj\u00ed je d\u00e1l, je nutn\u00e9, abychom se sna\u017eili m\u00edt to, co n\u00e1m p\u0159esn\u011b k tomuto c\u00edli napom\u016f\u017ee. V tomto p\u0159\u00edpad\u011b se tedy jedn\u00e1 o r\u016fznorod\u00e9 modern\u00ed technologie, kter\u00e9 vedou k tomu, aby se zrodilo n\u011bco nov\u00e9ho, n\u011bco, co zde z jist\u00fdch d\u016fvod\u016f je\u0161t\u011b v \u017e\u00e1dn\u00e9m p\u0159\u00edpad\u011b nemohlo b\u00fdt.Av\u0161ak i takov\u00fdto zrod nov\u00e9 v\u011bci je jist\u011b velmi n\u00e1ro\u010dn\u00fdm procesem, a zejm\u00e9na z tohoto d\u016fvodu je nutn\u00e9 m\u00edt na pam\u011bti, \u017ee je velmi \u017e\u00e1douc\u00ed, abychom si ka\u017ed\u00fd krok dop\u0159edu promysleli, jeliko\u017e v p\u0159\u00edpad\u011b, kdybychom pr\u00e1v\u011b zde ud\u011blali n\u011bjakou chybu, mohlo by to cel\u00e9 \u0161patn\u011b dopadnout. V\u00fdborn\u00fdmi pomocn\u00edky, kter\u00e9 se v\u00e1m zejm\u00e9na v t\u00e9to oblasti bude hodit, jsou tvarov\u00e9 fr\u00e9zy, a to hned z n\u011bkolika d\u016fvod\u016f. T\u00edm nejz\u00e1va\u017en\u011bj\u0161\u00edm je v\u0161ak skute\u010dnost, \u017ee pr\u00e1v\u011b d\u00edky nim vyrob\u00edte z v\u00e1mi vybran\u00e9ho materi\u00e1lu v\u011bc, kterou pr\u00e1v\u011b nutn\u011b pot\u0159ebujete, co\u017e ve fin\u00e1le vede k tomu, \u017ee jste schopni splnit i n\u011bjakou n\u00e1ro\u010dn\u011bj\u0161\u00ed zak\u00e1zku, a to zejm\u00e9na d\u00edky tomu, \u017ee existuj\u00ed r\u016fzn\u00e9 druhy, s jejich\u017e pomoc\u00ed v\u0161e \u0159\u00e1dn\u011b a v\u010das zvl\u00e1dnete.Je tak tedy vid\u011bt, \u017ee i takov\u00fd mal\u00fd pomocn\u00ed\u010dek dok\u00e1\u017ee doslova z\u00e1zraky, co\u017e je v r\u00e1mci modernity jist\u011b v\u00edce ne\u017e \u017e\u00e1dan\u00e9, a to zejm\u00e9na z toho d\u016fvodu, \u017ee \u010das jsou pen\u00edze. Ve chv\u00edli, kdy se n\u00e1m tedy povede n\u011bjak\u00fd ten \u010das u\u0161et\u0159it, \u010di n\u011bco rychleji vytvo\u0159it, m\u00e1 to jen plusov\u00e9 str\u00e1nky, a pr\u00e1v\u011b na to nesm\u00edte za \u017e\u00e1dn\u00fdch okolnost\u00ed zapom\u00ednat. Stejn\u011b tak v\u0161ak nesm\u00edte zapom\u00ednat tak\u00e9 na to, \u017ee je velmi d\u016fle\u017eit\u00e9, aby byla va\u0161e pr\u00e1ce precizn\u011b odvedena, jeliko\u017e jen tak je mo\u017en\u00e9, aby byl z\u00e1kazn\u00edk n\u00e1le\u017eit\u011b spokojen.                                                                                                                                                                                                                                                                                                                                                                                          4\/5 - (9 votes)        "},{"@context":"https:\/\/schema.org\/","@type":"BreadcrumbList","itemListElement":[{"@type":"ListItem","position":1,"name":"Zrozen\u00ed nov\u00fdch v\u011bc\u00ed","item":"https:\/\/www.atty.cz\/zrozeni-novych-veci\/#breadcrumbitem"}]}]