[{"@context":"https:\/\/schema.org\/","@type":"Article","@id":"https:\/\/www.atty.cz\/sviceni-nemusi-byt-drahe\/#Article","mainEntityOfPage":"https:\/\/www.atty.cz\/sviceni-nemusi-byt-drahe\/","headline":"Sv\u00edcen\u00ed nemus\u00ed b\u00fdt drah\u00e9","name":"Sv\u00edcen\u00ed nemus\u00ed b\u00fdt drah\u00e9","description":"P\u0159em\u00fd\u0161l\u00edte nad t\u00edm, jak byste mohli sn\u00ed\u017eit n\u00e1klady na provoz sv\u00e9ho bydlen\u00ed? Tak to si m\u016f\u017eete b\u00fdt jist\u00ed t\u00edm, \u017ee...","datePublished":"2018-01-05","dateModified":"2024-04-08","author":{"@type":"Person","@id":"https:\/\/www.atty.cz\/author\/#Person","name":"","url":"https:\/\/www.atty.cz\/author\/","identifier":1,"image":{"@type":"ImageObject","@id":"https:\/\/secure.gravatar.com\/avatar\/53fcaa7178df0f37d30678446939b206ab1017330cccbc8c93b5efa33cddcf51?s=96&d=mm&r=g","url":"https:\/\/secure.gravatar.com\/avatar\/53fcaa7178df0f37d30678446939b206ab1017330cccbc8c93b5efa33cddcf51?s=96&d=mm&r=g","height":96,"width":96}},"publisher":{"@type":"Organization","name":"atty.cz","logo":{"@type":"ImageObject","@id":"\/logo.png","url":"\/logo.png","width":600,"height":60}},"image":{"@type":"ImageObject","@id":"https:\/\/www.atty.cz\/wp-content\/uploads\/img_a312215_w2445_t1523261045.png","url":"https:\/\/www.atty.cz\/wp-content\/uploads\/img_a312215_w2445_t1523261045.png","height":0,"width":0},"url":"https:\/\/www.atty.cz\/sviceni-nemusi-byt-drahe\/","about":["Bydlen\u00ed"],"wordCount":405,"articleBody":"      P\u0159em\u00fd\u0161l\u00edte nad t\u00edm, jak byste mohli sn\u00ed\u017eit n\u00e1klady na provoz sv\u00e9ho bydlen\u00ed? Tak to si m\u016f\u017eete b\u00fdt jist\u00ed t\u00edm, \u017ee je tu pro V\u00e1s mnoho mo\u017enost\u00ed, ze kter\u00fdch si m\u016f\u017eete vyb\u00edrat, a z\u00e1le\u017e\u00ed jenom na V\u00e1s, co si vlastn\u011b vyberete a jak\u00e9 jsou Va\u0161e mo\u017enosti. Jestli chcete sn\u00ed\u017eit \u010d\u00e1stku, kterou plat\u00edte za spot\u0159ebu elektrick\u00e9 energie, tak si m\u016f\u017eete b\u00fdt jist\u00ed t\u00edm, \u017ee i n\u011bco takov\u00e9ho je pom\u011brn\u011b snadn\u00e9 a mo\u017en\u00e9, na to se m\u016f\u017eete kdykoliv spolehnout. Jistota je takov\u00e1, \u017ee nic nen\u00ed jen tak, a \u017ee i sv\u00edcen\u00ed v dom\u00e1cnosti n\u011bco stoj\u00ed. Napadlo V\u00e1s tedy zamyslet se nad t\u00edm, \u010d\u00edm doma vlastn\u011b sv\u00edt\u00edte? V\u011b\u0159te tomu, \u017ee to m\u016f\u017ee m\u00edt vliv na to, kolik nakonec zaplat\u00edte za elektrickou energii. Volbu vhodn\u00fdch sv\u011bteln\u00fdch zdroj\u016f tedy nen\u00ed dobr\u00e9 v \u017e\u00e1dn\u00e9m p\u0159\u00edpad\u011b podce\u0148ovat, nemuselo by se V\u00e1m to vyplatit. Vyberte si tedy takov\u00e9, kter\u00e9 V\u00e1m budou skv\u011ble slou\u017eit a p\u0159itom k tomu nebudou pot\u0159ebovat velk\u00e9 mno\u017estv\u00ed elektrick\u00e9 energie.Svi\u0165te za p\u00e1r korun Pokud tedy chcete m\u00edt ve svoj\u00ed dom\u00e1cnosti takov\u00e9 sv\u011bteln\u00e9 zdroje, jejich\u017e provoz rozhodn\u011b nen\u00ed drah\u00fd, tak se spolehn\u011bte na to, co V\u00e1m m\u016f\u017eeme nab\u00eddnout. \u017d\u00e1rovka led je volbou, se kterou budete nadm\u00edru spokojeni, proto\u017ee V\u00e1m bude v mnoha ohledech vyhovovat. \u017d\u00e1rovky tohoto typu jsou velice kvalitn\u00ed, maj\u00ed dlouholetou \u017eivotnost, jsou spolehliv\u00e9 a jejich spot\u0159eba je skute\u010dn\u011b minim\u00e1ln\u00ed, tak\u017ee m\u016f\u017eete sv\u00edtit naprosto bez obav, co\u017e se samoz\u0159ejm\u011b vyplat\u00ed. V\u00fdhodou je tak\u00e9 to, \u017ee ani po\u0159izovac\u00ed cena takov\u00fdch sv\u011bteln\u00fdch zdroj\u016f rozhodn\u011b nen\u00ed vysok\u00e1, nav\u00edc se V\u00e1m pen\u00edze velice rychle vr\u00e1t\u00ed na \u00faspor\u00e1ch, tak\u017ee si s n\u011b\u010d\u00edm takov\u00fdm nemus\u00edte d\u011blat \u017e\u00e1dn\u00e9 starosti, co\u017e je samoz\u0159ejm\u011b jenom dob\u0159e. Kdy\u017e se v\u017edy zamysl\u00edte nad t\u00edm, za co svoje pen\u00edze utr\u00e1c\u00edte a zda by to ne\u0161lo ud\u011blat l\u00e9pe, zajist\u00e9 objev\u00edte takov\u00e1 \u0159e\u0161en\u00ed, kter\u00e1 V\u00e1s d\u0159\u00edve ani nenapadla, a d\u00edky kter\u00fdm bude v\u0161e mnohem jednodu\u0161\u0161\u00ed a levn\u011bj\u0161\u00ed.                                                                                                                                                                                                                                                                                                                                                                                                  "},{"@context":"https:\/\/schema.org\/","@type":"BreadcrumbList","itemListElement":[{"@type":"ListItem","position":1,"name":"Sv\u00edcen\u00ed nemus\u00ed b\u00fdt drah\u00e9","item":"https:\/\/www.atty.cz\/sviceni-nemusi-byt-drahe\/#breadcrumbitem"}]}]