[{"@context":"https:\/\/schema.org\/","@type":"Article","@id":"https:\/\/www.atty.cz\/nebavi-vas-spinave-hrnce-a-talire\/#Article","mainEntityOfPage":"https:\/\/www.atty.cz\/nebavi-vas-spinave-hrnce-a-talire\/","headline":"Nebav\u00ed v\u00e1s \u0161pinav\u00e9 hrnce a tal\u00ed\u0159e?","name":"Nebav\u00ed v\u00e1s \u0161pinav\u00e9 hrnce a tal\u00ed\u0159e?","description":"Tepl\u00e9 j\u00eddlo je d\u016fle\u017eit\u00e9, ale spousta lid\u00ed se odb\u00fdv\u00e1 nekvalitn\u00edmi trvanliv\u00fdmi j\u00eddly, kter\u00e9 nepot\u0159ebuj\u00ed slo\u017eitou p\u0159\u00edpravu, a \u010dasto se daj\u00ed...","datePublished":"2023-10-04","dateModified":"2023-10-04","author":{"@type":"Person","@id":"https:\/\/www.atty.cz\/author\/#Person","name":"","url":"https:\/\/www.atty.cz\/author\/","identifier":1,"image":{"@type":"ImageObject","@id":"https:\/\/secure.gravatar.com\/avatar\/53fcaa7178df0f37d30678446939b206ab1017330cccbc8c93b5efa33cddcf51?s=96&d=mm&r=g","url":"https:\/\/secure.gravatar.com\/avatar\/53fcaa7178df0f37d30678446939b206ab1017330cccbc8c93b5efa33cddcf51?s=96&d=mm&r=g","height":96,"width":96}},"publisher":{"@type":"Organization","name":"atty.cz","logo":{"@type":"ImageObject","@id":"\/logo.png","url":"\/logo.png","width":600,"height":60}},"url":"https:\/\/www.atty.cz\/nebavi-vas-spinave-hrnce-a-talire\/","wordCount":251,"articleBody":"Tepl\u00e9 j\u00eddlo je d\u016fle\u017eit\u00e9, ale spousta lid\u00ed se odb\u00fdv\u00e1 nekvalitn\u00edmi trvanliv\u00fdmi j\u00eddly, kter\u00e9 nepot\u0159ebuj\u00ed slo\u017eitou p\u0159\u00edpravu, a \u010dasto se daj\u00ed oh\u0159\u00e1t v p\u016fvodn\u00ed n\u00e1dob\u011b, tak\u017ee odpad\u00e1 starost se \u0161pinav\u00fdm tal\u00ed\u0159em. Takto asi \u017eije v\u011bt\u0161ina lid\u00ed, kte\u0159\u00ed jsou sami, nebo maj\u00ed n\u00e1ro\u010dnou pr\u00e1ci, po kter\u00e9 necht\u011bj\u00ed tr\u00e1vit cel\u00fd ve\u010der v kuchyni. Va\u0159en\u00ed je fajn a v\u011bt\u0161ina lid\u00ed ho m\u00e1 i r\u00e1do, ale v\u011bt\u0161\u00ed starost je potom se \u0161pinav\u00fdmi hrnci, tal\u00ed\u0159ky, p\u0159\u00edbory a hrn\u00ed\u010dky, kter\u00e9 se prost\u011b sami neumyj\u00ed. Kdy\u017e j\u00eddlo dova\u0159\u00edte, nem\u00e1te u\u017e s\u00edlu na n\u011bjak\u00e9 r\u00e1ch\u00e1n\u00ed se ve \u0161pinav\u00e9 vod\u011b a rad\u011bji to nech\u00e1te na druh\u00fd den. Jen\u017ee druh\u00fd den u\u017e je v\u0161echno zaschl\u00e9 a dostat zaschl\u00e9 zbytky j\u00eddla z tal\u00ed\u0159\u016f pry\u010d nen\u00ed nic snadn\u00e9ho, tak\u017ee v\u00e1m to zabere je\u0161t\u011b v\u00edce \u010dasu. Nehled\u011b na to, \u017ee se v\u00e1m ten den nahromad\u00ed je\u0161t\u011b dal\u0161\u00ed n\u00e1dob\u00ed. Mysl\u00edte si, \u017ee po\u0159izov\u00e1n\u00ed j\u00eddel do mikrovlnky je pro v\u00e1s jedin\u00e1 mo\u017enost?Nechte to p\u0159\u00edstrojiZna\u010dka bosch je z\u00e1rukou kvality u v\u00fdrobk\u016f do dom\u00e1cnosti i do d\u00edlny. Nechte sv\u00e9 starosti na n\u00ed a zp\u0159\u00edjemn\u011bte si \u017eivot.My\u010dka n\u00e1dob\u00ed bosch odvede \u0161pinavou pr\u00e1ci za v\u00e1s!                                                                                                                                                                                                                                                                                                                                                                                        4.9\/5 - (8 votes)        "},{"@context":"https:\/\/schema.org\/","@type":"BreadcrumbList","itemListElement":[{"@type":"ListItem","position":1,"name":"Nebav\u00ed v\u00e1s \u0161pinav\u00e9 hrnce a tal\u00ed\u0159e?","item":"https:\/\/www.atty.cz\/nebavi-vas-spinave-hrnce-a-talire\/#breadcrumbitem"}]}]