[{"@context":"https:\/\/schema.org\/","@type":"Article","@id":"https:\/\/www.atty.cz\/nabytkove-osvetleni-ozivi-tmave-kouty-v-pokoji\/#Article","mainEntityOfPage":"https:\/\/www.atty.cz\/nabytkove-osvetleni-ozivi-tmave-kouty-v-pokoji\/","headline":"N\u00e1bytkov\u00e9 osv\u011btlen\u00ed o\u017eiv\u00ed tmav\u00e9 kouty v pokoji","name":"N\u00e1bytkov\u00e9 osv\u011btlen\u00ed o\u017eiv\u00ed tmav\u00e9 kouty v pokoji","description":"Hled\u00e1te kvalitn\u00ed dv\u00ed\u0159ka pro Va\u0161e sk\u0159\u00edn\u011b a sk\u0159\u00ed\u0148ky? Pak se obra\u0165te na na\u0161i spole\u010dnost. Na\u0161e spole\u010dnost V\u00e1m nab\u00edz\u00ed nejenom dv\u00ed\u0159ka,...","datePublished":"2025-01-02","dateModified":"2025-01-02","author":{"@type":"Person","@id":"https:\/\/www.atty.cz\/author\/#Person","name":"","url":"https:\/\/www.atty.cz\/author\/","identifier":1,"image":{"@type":"ImageObject","@id":"https:\/\/secure.gravatar.com\/avatar\/53fcaa7178df0f37d30678446939b206ab1017330cccbc8c93b5efa33cddcf51?s=96&d=mm&r=g","url":"https:\/\/secure.gravatar.com\/avatar\/53fcaa7178df0f37d30678446939b206ab1017330cccbc8c93b5efa33cddcf51?s=96&d=mm&r=g","height":96,"width":96}},"publisher":{"@type":"Organization","name":"atty.cz","logo":{"@type":"ImageObject","@id":"\/logo.png","url":"\/logo.png","width":600,"height":60}},"url":"https:\/\/www.atty.cz\/nabytkove-osvetleni-ozivi-tmave-kouty-v-pokoji\/","wordCount":181,"articleBody":"Hled\u00e1te kvalitn\u00ed dv\u00ed\u0159ka pro Va\u0161e sk\u0159\u00edn\u011b a sk\u0159\u00ed\u0148ky? Pak se obra\u0165te na na\u0161i spole\u010dnost. Na\u0161e spole\u010dnost V\u00e1m nab\u00edz\u00ed nejenom dv\u00ed\u0159ka, ale tak\u00e9 i dal\u0161\u00ed sortiment zbo\u017e\u00ed, jako je nap\u0159. n\u00e1bytkov\u00e9 osv\u011btlen\u00ed, posuvn\u00e9 dve\u0159n\u00ed syst\u00e9my a posuvn\u00e9 sk\u0159\u00ed\u0148ov\u00e9 dve\u0159e nebo jejich dekora\u010dn\u00ed v\u00fdpln\u011b. P\u0159ehledve\u0161ker\u00e9ho na\u0161eho sortimentu najdete na na\u0161ich internetov\u00fdch str\u00e1nk\u00e1ch. Dv\u00ed\u0159ka od profesion\u00e1l\u016f Na trhu p\u016fsob\u00ed na\u0161e spole\u010dnost ji\u017e v\u00edce ne\u017e 15 let. Neust\u00e1le roz\u0161i\u0159ujeme na\u0161i nab\u00eddku v\u0161ech dostupn\u00fdch produkt\u016f. Jedn\u00edm z na\u0161ich hlavn\u00edch produkt\u016f jsou dv\u00ed\u0159ka, kter\u00e1 u n\u00e1s po\u0159\u00edd\u00edte v r\u016fzn\u00e9m proveden\u00ed &#8211; foliovan\u00e1, lakovan\u00e1, akryl\u00e1tov\u00e1 nebo z masivu. Za zhotoven\u00ed nestandardn\u00edch a atypick\u00fdch rozm\u011br\u016f dv\u00ed\u0159ek u n\u00e1s neplat\u00edte \u017e\u00e1dn\u00e9 dodate\u010dn\u00e9 poplatky. Na\u0161e spole\u010dnost velice pe\u010dliv\u011b db\u00e1 na vysokou kvalitu a jakost v\u0161ech na\u0161ich produkt\u016f.                                                                                                                                                                                                                                                                                                                                                                                        4.5\/5 - (4 votes)        "},{"@context":"https:\/\/schema.org\/","@type":"BreadcrumbList","itemListElement":[{"@type":"ListItem","position":1,"name":"N\u00e1bytkov\u00e9 osv\u011btlen\u00ed o\u017eiv\u00ed tmav\u00e9 kouty v pokoji","item":"https:\/\/www.atty.cz\/nabytkove-osvetleni-ozivi-tmave-kouty-v-pokoji\/#breadcrumbitem"}]}]