[{"@context":"https:\/\/schema.org\/","@type":"Article","@id":"https:\/\/www.atty.cz\/cenzuruje-se-i-dnes\/#Article","mainEntityOfPage":"https:\/\/www.atty.cz\/cenzuruje-se-i-dnes\/","headline":"Cenzuruje se i dnes","name":"Cenzuruje se i dnes","description":"V listopadov\u00fdch dnech roku 1989 a v dob\u011b jim n\u00e1sleduj\u00edc\u00ed jsme se t\u011b\u0161ili i na to, \u017ee kone\u010dn\u011b skon\u010d\u00ed cenzura,...","datePublished":"2019-03-08","dateModified":"2023-05-01","author":{"@type":"Person","@id":"https:\/\/www.atty.cz\/author\/#Person","name":"","url":"https:\/\/www.atty.cz\/author\/","identifier":1,"image":{"@type":"ImageObject","@id":"https:\/\/secure.gravatar.com\/avatar\/53fcaa7178df0f37d30678446939b206ab1017330cccbc8c93b5efa33cddcf51?s=96&d=mm&r=g","url":"https:\/\/secure.gravatar.com\/avatar\/53fcaa7178df0f37d30678446939b206ab1017330cccbc8c93b5efa33cddcf51?s=96&d=mm&r=g","height":96,"width":96}},"publisher":{"@type":"Organization","name":"atty.cz","logo":{"@type":"ImageObject","@id":"\/logo.png","url":"\/logo.png","width":600,"height":60}},"image":{"@type":"ImageObject","@id":"https:\/\/www.atty.cz\/wp-content\/uploads\/img_a340557_w2610_t1553512468.jpg","url":"https:\/\/www.atty.cz\/wp-content\/uploads\/img_a340557_w2610_t1553512468.jpg","height":0,"width":0},"url":"https:\/\/www.atty.cz\/cenzuruje-se-i-dnes\/","wordCount":518,"articleBody":"V listopadov\u00fdch dnech roku 1989 a v dob\u011b jim n\u00e1sleduj\u00edc\u00ed jsme se t\u011b\u0161ili i na to, \u017ee kone\u010dn\u011b skon\u010d\u00ed cenzura, je\u017e prov\u00e1zela n\u00e1\u0161 d\u0159\u00edv\u011bj\u0161\u00ed \u017eivot. T\u011b\u0161ili jsme se na dobu, kdy kone\u010dn\u011b p\u016fjdou cenzo\u0159i od v\u00e1lu a my se tak kone\u010dn\u011b budeme dozv\u00eddat pravdu, respektive r\u016fzn\u00e9 pravdy. T\u011b\u0161ili jsme se na to, a\u017e budeme moci poslouchat a \u010d\u00edst to, co poslouchat a \u010d\u00edst chceme, a a\u017e si tak\u00e9 sami budeme moci \u0159\u00edkat to, co n\u00e1m slina na jazyk p\u0159inese. A do\u010dkali jsme se. Jen\u017ee \u010deho? Cenzura nikdy tak docela nezmizela a dokonce se zd\u00e1, \u017ee op\u011bt s\u00edl\u00ed. \u017de u\u017e zase n\u011bkde n\u011bkdo rozhoduje o tom, co sm\u00edme a co nesm\u00edme \u0159\u00edkat, propagovat nebo naopak vn\u00edmat z projev\u016f jin\u00fdch lid\u00ed. \u017de je tu zase n\u011bkdo, kdo si uzurpoval privilegium rozhodovat o tom, co je spr\u00e1vn\u00e9 a co nikoliv. A  u\u017e chce praktikovat t\u0159eba i s\u00e1m gigant jm\u00e9nem Google. I tento u\u017e chce filtrovat \u201eofenzivn\u00ed a nevyhovuj\u00edc\u00ed obsah\u201c. A proto\u017ee je u\u017e nov\u00e1 doba, nepot\u0159ebuje k tomuto ani zase a\u017e tak po\u010detn\u00e9 z\u00e1stupy cenzor\u016f, kte\u0159\u00ed by nep\u0159etr\u017eit\u011b pro\u010d\u00edtali v\u0161e, co se na internetu objev\u00ed, a odstra\u0148ovali v\u0161e \u201enepat\u0159i\u010dn\u00e9\u201c. Chce prost\u011b nau\u010dit sv\u00e9 algoritmy l\u00e9pe vyhodnocovat fale\u0161n\u00fd a ofenzivn\u00ed obsah a vz\u00e1p\u011bt\u00ed minimalizovat jeho zobrazov\u00e1n\u00ed. M\u011blo by se to dotknout fale\u0161n\u00fdch zpr\u00e1v, nevhodn\u00e9ho obsahu a tak\u00e9 ofenzivn\u00edch internetov\u00fdch str\u00e1nek. Google by cht\u011bl vyu\u017e\u00edt zku\u0161enost\u00ed sv\u00fdch v\u00edce jak deseti tis\u00edc cenzor\u016f \u2013 toti\u017e pardon, kontrolor\u016f \u2013 a na tomto z\u00e1klad\u011b vytvo\u0159it algoritmy, kter\u00e9 pak budou rozhodovat o tom, co se sm\u00ed um\u00edstit ve vyhled\u00e1va\u010d\u00edch a co ne. P\u0159\u00edmo \u0161okuj\u00edc\u00edm dojmem na m\u011b p\u016fsob\u00ed to, \u017ee doposud hodnotili kontrolo\u0159i Googlu internetov\u00e9 str\u00e1nky podle skoro dvousetstr\u00e1nkov\u00e9ho dokumentu pln\u00e9ho p\u0159esn\u00fdch parametr\u016f a p\u0159\u00edklad\u016f. Tedy \u017ee bylo tolik toho \u201ene\u017e\u00e1douc\u00edho\u201c. Nov\u011b budou oni cenzo\u0159i ozna\u010dovat nevhodn\u00e9 webov\u00e9 str\u00e1nky speci\u00e1ln\u00edm ozna\u010den\u00edm. Toho se do\u010dkaj\u00ed weby obsahuj\u00edc\u00ed: 1) propagaci n\u00e1sil\u00ed nebo nen\u00e1visti proti skupin\u011b lid\u00ed podle barvy pleti, n\u00e1bo\u017eenstv\u00ed, pohlav\u00ed, n\u00e1rodnosti, ment\u00e1ln\u00edho posti\u017een\u00ed a sexu\u00e1ln\u00ed orientace 2) pomluvy nebo velmi \u00fato\u010dnou terminologii 3) n\u00e1sil\u00ed 4) nevhodn\u00e9 n\u00e1vody 5) jin\u00fd nevhodn\u00fd obsah Pr\u00fd se toho ale nemus\u00edme b\u00e1t. Proto\u017ee toto ozna\u010den\u00ed neznamen\u00e1 nezbytn\u011b postih \u010di hor\u0161\u00ed v\u00fdsledky. Z\u00e1vadn\u00e9 webov\u00e9 str\u00e1nky pr\u00fd budou jenom ozna\u010den\u00e9, ztrat\u00ed na pozici, budou m\u00e9n\u011b vyhled\u00e1van\u00e9 a m\u00edsto nich budou nab\u00edzeny lep\u0161\u00ed v\u00fdsledky. Tak\u017ee a\u017e p\u0159\u00ed\u0161t\u011b nap\u00ed\u0161\u00ed, \u017ee \u201einkluze je hovadina\u201c, posune to Google n\u011bkam, kde to nikdo nenajde, a nab\u00eddne lep\u0161\u00ed alternativu v podob\u011b \u201eznev\u00fdhodn\u011bn\u00fdm d\u011btem mus\u00edme v\u00edc pom\u00e1hat\u201c?                                                                                                                                                                                                                                                                                                                                                                                        3.8\/5 - (9 votes)        "},{"@context":"https:\/\/schema.org\/","@type":"BreadcrumbList","itemListElement":[{"@type":"ListItem","position":1,"name":"Cenzuruje se i dnes","item":"https:\/\/www.atty.cz\/cenzuruje-se-i-dnes\/#breadcrumbitem"}]}]