{"@context":"https:\/\/schema.org\/","@type":"CollectionPage","@id":"https:\/\/www.atty.cz\/bydleni\/#CollectionPage","headline":"Bydlen\u00ed Category","description":"","url":"https:\/\/www.atty.cz\/bydleni\/","hasPart":[{"@type":"Article","@id":"https:\/\/www.atty.cz\/3-pokojove-rostliny-o-ktere-se-temer-nemusite-starat\/","headline":"3 pokojov\u00e9 rostliny, o kter\u00e9 se t\u00e9m\u011b\u0159 nemus\u00edte starat!","url":"https:\/\/www.atty.cz\/3-pokojove-rostliny-o-ktere-se-temer-nemusite-starat\/","datePublished":"2020-02-08","dateModified":"2023-05-01","mainEntityOfPage":"https:\/\/www.atty.cz\/3-pokojove-rostliny-o-ktere-se-temer-nemusite-starat\/","author":{"@type":"Person","@id":"https:\/\/www.atty.cz\/author\/#Person","name":"","url":"https:\/\/www.atty.cz\/author\/","identifier":1,"image":{"@type":"ImageObject","@id":"https:\/\/secure.gravatar.com\/avatar\/53fcaa7178df0f37d30678446939b206ab1017330cccbc8c93b5efa33cddcf51?s=96&d=mm&r=g","url":"https:\/\/secure.gravatar.com\/avatar\/53fcaa7178df0f37d30678446939b206ab1017330cccbc8c93b5efa33cddcf51?s=96&d=mm&r=g","height":96,"width":96}},"publisher":{"@type":"Organization","name":"atty.cz","logo":{"@type":"ImageObject","@id":"\/logo.png","url":"\/logo.png","width":600,"height":60}},"image":{"@type":"ImageObject","@id":"https:\/\/www.atty.cz\/wp-content\/uploads\/img_a371635_w3207_t1582967955.jpg","url":"https:\/\/www.atty.cz\/wp-content\/uploads\/img_a371635_w3207_t1582967955.jpg","height":0,"width":0},"keywords":null},{"@type":"Article","@id":"https:\/\/www.atty.cz\/srdce-domova-s-vuni-skveleho-jidla\/","headline":"Srdce domova s v\u016fn\u00ed skv\u011bl\u00e9ho j\u00eddla","url":"https:\/\/www.atty.cz\/srdce-domova-s-vuni-skveleho-jidla\/","datePublished":"2020-02-04","dateModified":"2023-05-01","mainEntityOfPage":"https:\/\/www.atty.cz\/srdce-domova-s-vuni-skveleho-jidla\/","author":{"@type":"Person","@id":"https:\/\/www.atty.cz\/author\/#Person","name":"","url":"https:\/\/www.atty.cz\/author\/","identifier":1,"image":{"@type":"ImageObject","@id":"https:\/\/secure.gravatar.com\/avatar\/53fcaa7178df0f37d30678446939b206ab1017330cccbc8c93b5efa33cddcf51?s=96&d=mm&r=g","url":"https:\/\/secure.gravatar.com\/avatar\/53fcaa7178df0f37d30678446939b206ab1017330cccbc8c93b5efa33cddcf51?s=96&d=mm&r=g","height":96,"width":96}},"publisher":{"@type":"Organization","name":"atty.cz","logo":{"@type":"ImageObject","@id":"\/logo.png","url":"\/logo.png","width":600,"height":60}},"image":{"@type":"ImageObject","@id":"https:\/\/www.atty.cz\/wp-content\/uploads\/img_a381616_w3000_t1592816974.jpg","url":"https:\/\/www.atty.cz\/wp-content\/uploads\/img_a381616_w3000_t1592816974.jpg","height":0,"width":0},"keywords":null},{"@type":"Article","@id":"https:\/\/www.atty.cz\/kamen-znamena-dokonalost-nejen-v-kuchyni\/","headline":"K\u00e1men znamen\u00e1 dokonalost, nejen v kuchyni","url":"https:\/\/www.atty.cz\/kamen-znamena-dokonalost-nejen-v-kuchyni\/","datePublished":"2019-09-14","dateModified":"2023-05-01","mainEntityOfPage":"https:\/\/www.atty.cz\/kamen-znamena-dokonalost-nejen-v-kuchyni\/","author":{"@type":"Person","@id":"https:\/\/www.atty.cz\/author\/#Person","name":"","url":"https:\/\/www.atty.cz\/author\/","identifier":1,"image":{"@type":"ImageObject","@id":"https:\/\/secure.gravatar.com\/avatar\/53fcaa7178df0f37d30678446939b206ab1017330cccbc8c93b5efa33cddcf51?s=96&d=mm&r=g","url":"https:\/\/secure.gravatar.com\/avatar\/53fcaa7178df0f37d30678446939b206ab1017330cccbc8c93b5efa33cddcf51?s=96&d=mm&r=g","height":96,"width":96}},"publisher":{"@type":"Organization","name":"atty.cz","logo":{"@type":"ImageObject","@id":"\/logo.png","url":"\/logo.png","width":600,"height":60}},"image":{"@type":"ImageObject","@id":"https:\/\/www.atty.cz\/wp-content\/uploads\/img_a349586_w1717_t1564558770.jpg","url":"https:\/\/www.atty.cz\/wp-content\/uploads\/img_a349586_w1717_t1564558770.jpg","height":0,"width":0},"keywords":null},{"@type":"Article","@id":"https:\/\/www.atty.cz\/sviceni-nemusi-byt-drahe\/","headline":"Sv\u00edcen\u00ed nemus\u00ed b\u00fdt drah\u00e9","url":"https:\/\/www.atty.cz\/sviceni-nemusi-byt-drahe\/","datePublished":"2018-01-05","dateModified":"2024-04-08","mainEntityOfPage":"https:\/\/www.atty.cz\/sviceni-nemusi-byt-drahe\/","author":{"@type":"Person","@id":"https:\/\/www.atty.cz\/author\/#Person","name":"","url":"https:\/\/www.atty.cz\/author\/","identifier":1,"image":{"@type":"ImageObject","@id":"https:\/\/secure.gravatar.com\/avatar\/53fcaa7178df0f37d30678446939b206ab1017330cccbc8c93b5efa33cddcf51?s=96&d=mm&r=g","url":"https:\/\/secure.gravatar.com\/avatar\/53fcaa7178df0f37d30678446939b206ab1017330cccbc8c93b5efa33cddcf51?s=96&d=mm&r=g","height":96,"width":96}},"publisher":{"@type":"Organization","name":"atty.cz","logo":{"@type":"ImageObject","@id":"\/logo.png","url":"\/logo.png","width":600,"height":60}},"image":{"@type":"ImageObject","@id":"https:\/\/www.atty.cz\/wp-content\/uploads\/img_a312215_w2445_t1523261045.png","url":"https:\/\/www.atty.cz\/wp-content\/uploads\/img_a312215_w2445_t1523261045.png","height":0,"width":0},"keywords":null},{"@type":"Article","@id":"https:\/\/www.atty.cz\/bazen-vybaveny-specialnimi-salinizacni-jednotkou\/","headline":"Baz\u00e9n vybaven\u00fd speci\u00e1ln\u00edmi saliniza\u010dn\u00ed jednotkou","url":"https:\/\/www.atty.cz\/bazen-vybaveny-specialnimi-salinizacni-jednotkou\/","datePublished":"2017-04-12","dateModified":"2023-05-01","mainEntityOfPage":"https:\/\/www.atty.cz\/bazen-vybaveny-specialnimi-salinizacni-jednotkou\/","author":{"@type":"Person","@id":"https:\/\/www.atty.cz\/author\/#Person","name":"","url":"https:\/\/www.atty.cz\/author\/","identifier":1,"image":{"@type":"ImageObject","@id":"https:\/\/secure.gravatar.com\/avatar\/53fcaa7178df0f37d30678446939b206ab1017330cccbc8c93b5efa33cddcf51?s=96&d=mm&r=g","url":"https:\/\/secure.gravatar.com\/avatar\/53fcaa7178df0f37d30678446939b206ab1017330cccbc8c93b5efa33cddcf51?s=96&d=mm&r=g","height":96,"width":96}},"publisher":{"@type":"Organization","name":"atty.cz","logo":{"@type":"ImageObject","@id":"\/logo.png","url":"\/logo.png","width":600,"height":60}},"image":{"@type":"ImageObject","@id":"https:\/\/www.atty.cz\/wp-content\/uploads\/img_a291337_w2244_t1504014934.jpg","url":"https:\/\/www.atty.cz\/wp-content\/uploads\/img_a291337_w2244_t1504014934.jpg","height":0,"width":0},"keywords":null}]}