[{"@context":"https:\/\/schema.org\/","@type":"Blog","@id":"https:\/\/www.atty.cz#Blog","headline":"Atty","description":"\nKdyby na\u0161e internetov\u00e1 str\u00e1nka existovala u\u017e ve st\u0159edov\u011bku, ur\u010dit\u011b by n\u00e1s up\u00e1lili za hl\u00e1s\u00e1n\u00ed pravdy je\u0161t\u011b d\u0159\u00edve ne\u017e zn\u00e1m\u00e9ho mistra Jana Husa.","url":"https:\/\/www.atty.cz","hasPart":[{"@type":"Article","@id":"https:\/\/www.atty.cz\/vestavene-skrine-do-predsine-reseni-na-miru-pro-kazdy-domov\/","headline":"Vestav\u011bn\u00e9 sk\u0159\u00edn\u011b do p\u0159eds\u00edn\u011b: \u0159e\u0161en\u00ed na m\u00edru pro ka\u017ed\u00fd domov","url":"https:\/\/www.atty.cz\/vestavene-skrine-do-predsine-reseni-na-miru-pro-kazdy-domov\/","datePublished":"2025-12-17","dateModified":"2025-12-17","mainEntityOfPage":"https:\/\/www.atty.cz\/vestavene-skrine-do-predsine-reseni-na-miru-pro-kazdy-domov\/","author":{"@type":"Person","@id":"https:\/\/www.atty.cz\/author\/#Person","name":"","url":"https:\/\/www.atty.cz\/author\/","identifier":1,"image":{"@type":"ImageObject","@id":"https:\/\/secure.gravatar.com\/avatar\/53fcaa7178df0f37d30678446939b206ab1017330cccbc8c93b5efa33cddcf51?s=96&d=mm&r=g","url":"https:\/\/secure.gravatar.com\/avatar\/53fcaa7178df0f37d30678446939b206ab1017330cccbc8c93b5efa33cddcf51?s=96&d=mm&r=g","height":96,"width":96}},"publisher":{"@type":"Organization","name":"atty.cz","logo":{"@type":"ImageObject","@id":"\/logo.png","url":"\/logo.png","width":600,"height":60}},"image":{"@type":"ImageObject","@id":"https:\/\/www.atty.cz\/wp-content\/uploads\/satni_skrin_APqu2a.png","url":"https:\/\/www.atty.cz\/wp-content\/uploads\/satni_skrin_APqu2a.png","height":0,"width":0},"wordCount":1041,"keywords":null},{"@type":"Article","@id":"https:\/\/www.atty.cz\/nebojte-se-hypoteky\/","headline":"Nebojte se hypot\u00e9ky","url":"https:\/\/www.atty.cz\/nebojte-se-hypoteky\/","datePublished":"2025-11-27","dateModified":"2025-11-27","mainEntityOfPage":"https:\/\/www.atty.cz\/nebojte-se-hypoteky\/","author":{"@type":"Person","@id":"https:\/\/www.atty.cz\/author\/#Person","name":"","url":"https:\/\/www.atty.cz\/author\/","identifier":1,"image":{"@type":"ImageObject","@id":"https:\/\/secure.gravatar.com\/avatar\/53fcaa7178df0f37d30678446939b206ab1017330cccbc8c93b5efa33cddcf51?s=96&d=mm&r=g","url":"https:\/\/secure.gravatar.com\/avatar\/53fcaa7178df0f37d30678446939b206ab1017330cccbc8c93b5efa33cddcf51?s=96&d=mm&r=g","height":96,"width":96}},"publisher":{"@type":"Organization","name":"atty.cz","logo":{"@type":"ImageObject","@id":"\/logo.png","url":"\/logo.png","width":600,"height":60}},"image":{"@type":"ImageObject","@id":"https:\/\/www.atty.cz\/wp-content\/uploads\/real-estate-9053405_640_10_3.jpg","url":"https:\/\/www.atty.cz\/wp-content\/uploads\/real-estate-9053405_640_10_3.jpg","height":0,"width":0},"wordCount":544,"keywords":null},{"@type":"Article","@id":"https:\/\/www.atty.cz\/obleceni-ktere-se-vyplati-koupit-prave-ted-vyber-na-sezonu-black-friday\/","headline":"Oble\u010den\u00ed, kter\u00e9 se vyplat\u00ed koupit pr\u00e1v\u011b te\u010f \u2013 v\u00fdb\u011br na sez\u00f3nu Black Friday","url":"https:\/\/www.atty.cz\/obleceni-ktere-se-vyplati-koupit-prave-ted-vyber-na-sezonu-black-friday\/","datePublished":"2025-11-01","dateModified":"2025-11-01","mainEntityOfPage":"https:\/\/www.atty.cz\/obleceni-ktere-se-vyplati-koupit-prave-ted-vyber-na-sezonu-black-friday\/","author":{"@type":"Person","@id":"https:\/\/www.atty.cz\/author\/#Person","name":"","url":"https:\/\/www.atty.cz\/author\/","identifier":1,"image":{"@type":"ImageObject","@id":"https:\/\/secure.gravatar.com\/avatar\/53fcaa7178df0f37d30678446939b206ab1017330cccbc8c93b5efa33cddcf51?s=96&d=mm&r=g","url":"https:\/\/secure.gravatar.com\/avatar\/53fcaa7178df0f37d30678446939b206ab1017330cccbc8c93b5efa33cddcf51?s=96&d=mm&r=g","height":96,"width":96}},"publisher":{"@type":"Organization","name":"atty.cz","logo":{"@type":"ImageObject","@id":"\/logo.png","url":"\/logo.png","width":600,"height":60}},"image":{"@type":"ImageObject","@id":"https:\/\/www.atty.cz\/wp-content\/uploads\/medicineblackfridaylistopad202523_A63ivL.png","url":"https:\/\/www.atty.cz\/wp-content\/uploads\/medicineblackfridaylistopad202523_A63ivL.png","height":0,"width":0},"wordCount":945,"keywords":null},{"@type":"Article","@id":"https:\/\/www.atty.cz\/nove-luzko-s-novou-matraci\/","headline":"Nov\u00e9 l\u016f\u017eko s novou matrac\u00ed","url":"https:\/\/www.atty.cz\/nove-luzko-s-novou-matraci\/","datePublished":"2025-09-02","dateModified":"2025-09-02","mainEntityOfPage":"https:\/\/www.atty.cz\/nove-luzko-s-novou-matraci\/","author":{"@type":"Person","@id":"https:\/\/www.atty.cz\/author\/#Person","name":"","url":"https:\/\/www.atty.cz\/author\/","identifier":1,"image":{"@type":"ImageObject","@id":"https:\/\/secure.gravatar.com\/avatar\/53fcaa7178df0f37d30678446939b206ab1017330cccbc8c93b5efa33cddcf51?s=96&d=mm&r=g","url":"https:\/\/secure.gravatar.com\/avatar\/53fcaa7178df0f37d30678446939b206ab1017330cccbc8c93b5efa33cddcf51?s=96&d=mm&r=g","height":96,"width":96}},"publisher":{"@type":"Organization","name":"atty.cz","logo":{"@type":"ImageObject","@id":"\/logo.png","url":"\/logo.png","width":600,"height":60}},"image":{"@type":"ImageObject","@id":"https:\/\/www.atty.cz\/wp-content\/uploads\/comfort-8193282_640_1.jpg","url":"https:\/\/www.atty.cz\/wp-content\/uploads\/comfort-8193282_640_1.jpg","height":0,"width":0},"wordCount":645,"keywords":null},{"@type":"Article","@id":"https:\/\/www.atty.cz\/jsou-lepsi-terakotove-nebo-plastove-kvetinace-velke\/","headline":"Jsou lep\u0161\u00ed terakotov\u00e9 nebo plastov\u00e9 kv\u011btin\u00e1\u010de velk\u00e9?","url":"https:\/\/www.atty.cz\/jsou-lepsi-terakotove-nebo-plastove-kvetinace-velke\/","datePublished":"2025-08-09","dateModified":"2025-08-09","mainEntityOfPage":"https:\/\/www.atty.cz\/jsou-lepsi-terakotove-nebo-plastove-kvetinace-velke\/","author":{"@type":"Person","@id":"https:\/\/www.atty.cz\/author\/#Person","name":"","url":"https:\/\/www.atty.cz\/author\/","identifier":1,"image":{"@type":"ImageObject","@id":"https:\/\/secure.gravatar.com\/avatar\/53fcaa7178df0f37d30678446939b206ab1017330cccbc8c93b5efa33cddcf51?s=96&d=mm&r=g","url":"https:\/\/secure.gravatar.com\/avatar\/53fcaa7178df0f37d30678446939b206ab1017330cccbc8c93b5efa33cddcf51?s=96&d=mm&r=g","height":96,"width":96}},"publisher":{"@type":"Organization","name":"atty.cz","logo":{"@type":"ImageObject","@id":"\/logo.png","url":"\/logo.png","width":600,"height":60}},"image":{"@type":"ImageObject","@id":"https:\/\/www.atty.cz\/wp-content\/uploads\/zahrada6_9.jpg","url":"https:\/\/www.atty.cz\/wp-content\/uploads\/zahrada6_9.jpg","height":0,"width":0},"wordCount":620,"keywords":null},{"@type":"Article","@id":"https:\/\/www.atty.cz\/reklamni-textil-a-jeho-vyuziti\/","headline":"Reklamn\u00ed textil a jeho vyu\u017eit\u00ed","url":"https:\/\/www.atty.cz\/reklamni-textil-a-jeho-vyuziti\/","datePublished":"2025-07-06","dateModified":"2025-07-06","mainEntityOfPage":"https:\/\/www.atty.cz\/reklamni-textil-a-jeho-vyuziti\/","author":{"@type":"Person","@id":"https:\/\/www.atty.cz\/author\/#Person","name":"","url":"https:\/\/www.atty.cz\/author\/","identifier":1,"image":{"@type":"ImageObject","@id":"https:\/\/secure.gravatar.com\/avatar\/53fcaa7178df0f37d30678446939b206ab1017330cccbc8c93b5efa33cddcf51?s=96&d=mm&r=g","url":"https:\/\/secure.gravatar.com\/avatar\/53fcaa7178df0f37d30678446939b206ab1017330cccbc8c93b5efa33cddcf51?s=96&d=mm&r=g","height":96,"width":96}},"publisher":{"@type":"Organization","name":"atty.cz","logo":{"@type":"ImageObject","@id":"\/logo.png","url":"\/logo.png","width":600,"height":60}},"image":{"@type":"ImageObject","@id":"https:\/\/www.atty.cz\/wp-content\/uploads\/sports-2634431_640_6.jpg","url":"https:\/\/www.atty.cz\/wp-content\/uploads\/sports-2634431_640_6.jpg","height":0,"width":0},"wordCount":558,"keywords":null},{"@type":"Article","@id":"https:\/\/www.atty.cz\/stehovani-neni-snadne\/","headline":"St\u011bhov\u00e1n\u00ed nen\u00ed snadn\u00e9","url":"https:\/\/www.atty.cz\/stehovani-neni-snadne\/","datePublished":"2025-07-03","dateModified":"2025-07-03","mainEntityOfPage":"https:\/\/www.atty.cz\/stehovani-neni-snadne\/","author":{"@type":"Person","@id":"https:\/\/www.atty.cz\/author\/#Person","name":"","url":"https:\/\/www.atty.cz\/author\/","identifier":1,"image":{"@type":"ImageObject","@id":"https:\/\/secure.gravatar.com\/avatar\/53fcaa7178df0f37d30678446939b206ab1017330cccbc8c93b5efa33cddcf51?s=96&d=mm&r=g","url":"https:\/\/secure.gravatar.com\/avatar\/53fcaa7178df0f37d30678446939b206ab1017330cccbc8c93b5efa33cddcf51?s=96&d=mm&r=g","height":96,"width":96}},"publisher":{"@type":"Organization","name":"atty.cz","logo":{"@type":"ImageObject","@id":"\/logo.png","url":"\/logo.png","width":600,"height":60}},"image":{"@type":"ImageObject","@id":"https:\/\/www.atty.cz\/wp-content\/uploads\/ssssssss_7.png","url":"https:\/\/www.atty.cz\/wp-content\/uploads\/ssssssss_7.png","height":0,"width":0},"wordCount":628,"keywords":null},{"@type":"Article","@id":"https:\/\/www.atty.cz\/mame-konecne-bazen\/","headline":"M\u00e1me kone\u010dn\u011b baz\u00e9n","url":"https:\/\/www.atty.cz\/mame-konecne-bazen\/","datePublished":"2025-06-05","dateModified":"2025-06-05","mainEntityOfPage":"https:\/\/www.atty.cz\/mame-konecne-bazen\/","author":{"@type":"Person","@id":"https:\/\/www.atty.cz\/author\/#Person","name":"","url":"https:\/\/www.atty.cz\/author\/","identifier":1,"image":{"@type":"ImageObject","@id":"https:\/\/secure.gravatar.com\/avatar\/53fcaa7178df0f37d30678446939b206ab1017330cccbc8c93b5efa33cddcf51?s=96&d=mm&r=g","url":"https:\/\/secure.gravatar.com\/avatar\/53fcaa7178df0f37d30678446939b206ab1017330cccbc8c93b5efa33cddcf51?s=96&d=mm&r=g","height":96,"width":96}},"publisher":{"@type":"Organization","name":"atty.cz","logo":{"@type":"ImageObject","@id":"\/logo.png","url":"\/logo.png","width":600,"height":60}},"image":{"@type":"ImageObject","@id":"https:\/\/www.atty.cz\/wp-content\/uploads\/sunglasses-1850648_640_10_10_10_10_10_10_8.jpg","url":"https:\/\/www.atty.cz\/wp-content\/uploads\/sunglasses-1850648_640_10_10_10_10_10_10_8.jpg","height":0,"width":0},"wordCount":595,"keywords":null},{"@type":"Article","@id":"https:\/\/www.atty.cz\/plachtove-haly-pro-recyklaci-a-ekologicke-provozy-udrzitelnost-a-uspora-v-jednom\/","headline":"Plachtov\u00e9 haly pro recyklaci a ekologick\u00e9 provozy: udr\u017eitelnost a \u00faspora v jednom","url":"https:\/\/www.atty.cz\/plachtove-haly-pro-recyklaci-a-ekologicke-provozy-udrzitelnost-a-uspora-v-jednom\/","datePublished":"2025-05-23","dateModified":"2025-05-23","mainEntityOfPage":"https:\/\/www.atty.cz\/plachtove-haly-pro-recyklaci-a-ekologicke-provozy-udrzitelnost-a-uspora-v-jednom\/","author":{"@type":"Person","@id":"https:\/\/www.atty.cz\/author\/#Person","name":"","url":"https:\/\/www.atty.cz\/author\/","identifier":1,"image":{"@type":"ImageObject","@id":"https:\/\/secure.gravatar.com\/avatar\/53fcaa7178df0f37d30678446939b206ab1017330cccbc8c93b5efa33cddcf51?s=96&d=mm&r=g","url":"https:\/\/secure.gravatar.com\/avatar\/53fcaa7178df0f37d30678446939b206ab1017330cccbc8c93b5efa33cddcf51?s=96&d=mm&r=g","height":96,"width":96}},"publisher":{"@type":"Organization","name":"atty.cz","logo":{"@type":"ImageObject","@id":"\/logo.png","url":"\/logo.png","width":600,"height":60}},"image":{"@type":"ImageObject","@id":"https:\/\/www.atty.cz\/wp-content\/uploads\/plachote_haly_2rQqBn.jpg","url":"https:\/\/www.atty.cz\/wp-content\/uploads\/plachote_haly_2rQqBn.jpg","height":0,"width":0},"wordCount":1003,"keywords":null},{"@type":"Article","@id":"https:\/\/www.atty.cz\/deti-jako-zatezove-testy\/","headline":"D\u011bti jako z\u00e1t\u011b\u017eov\u00e9 testy","url":"https:\/\/www.atty.cz\/deti-jako-zatezove-testy\/","datePublished":"2025-04-20","dateModified":"2025-04-20","mainEntityOfPage":"https:\/\/www.atty.cz\/deti-jako-zatezove-testy\/","author":{"@type":"Person","@id":"https:\/\/www.atty.cz\/author\/#Person","name":"","url":"https:\/\/www.atty.cz\/author\/","identifier":1,"image":{"@type":"ImageObject","@id":"https:\/\/secure.gravatar.com\/avatar\/53fcaa7178df0f37d30678446939b206ab1017330cccbc8c93b5efa33cddcf51?s=96&d=mm&r=g","url":"https:\/\/secure.gravatar.com\/avatar\/53fcaa7178df0f37d30678446939b206ab1017330cccbc8c93b5efa33cddcf51?s=96&d=mm&r=g","height":96,"width":96}},"publisher":{"@type":"Organization","name":"atty.cz","logo":{"@type":"ImageObject","@id":"\/logo.png","url":"\/logo.png","width":600,"height":60}},"image":null,"wordCount":306,"keywords":null}]},{"@context":"https:\/\/schema.org","@type":"WebSite","@id":"https:\/\/www.atty.cz\/#website","name":"Atty","url":"https:\/\/www.atty.cz","potentialAction":{"@type":"SearchAction","target":"https:\/\/www.atty.cz\/?s={search_term_string}","query-input":"required name=search_term_string"}}]